{"id":1803,"date":"2020-01-16T11:45:12","date_gmt":"2020-01-16T17:45:12","guid":{"rendered":"https:\/\/www.ufcw663.org\/blog\/?p=1803"},"modified":"2020-01-16T11:46:08","modified_gmt":"2020-01-16T17:46:08","slug":"a-message-of-safety-and-hope","status":"publish","type":"post","link":"https:\/\/www.ufcw663.org\/blog\/2020\/01\/16\/a-message-of-safety-and-hope\/","title":{"rendered":"A Message of Safety and Hope"},"content":{"rendered":"\n<p>A Personal Note from UFCW Local 663 President Matt Utecht:<\/p>\n\n\n\n<p>I would like to personally share this prayer with our membership. It resonated with me when I was at church on Sunday, January 5, which was the Sunday of National Migration Week.<\/p>\n\n\n\n<p>*Espa\u00f1ol abajo<\/p>\n\n\n\n<p>Prayer for Migrants<\/p>\n\n\n\n<p>God of Mercy,<br>\nWe entrust to you all those who are leaving their homeland in search of a better life. Guard them on their perilous journey and guide them to a place of safety and hope.<\/p>\n\n\n\n<p>God of Love,<br>\nWake us from the slumber of indifference, open our eyes to their suffering and inspire us to share with them the blessings we have received from your hand.<\/p>\n\n\n\n<p>God of Compassion,<br>\nWelcome all the women, men, and children who have died after leaving their homelands. Though many of their graves bear no name, to you each one is known, loved, and cherished.<\/p>\n\n\n\n<p>We make this prayer through Christ our Lord. Amen.<\/p>\n\n\n\n<p>Una Nota Personal del Presidente de UFCW 663 Local Matt Utecht <\/p>\n\n\n\n<p>Me gustar\u00eda compartir personalmente esta oraci\u00f3n con nuestros miembros. Tomo mi atencion cuando estaba en la iglesia el Domingo 5 de Enero, que era el Domingo de la Semana Nacional de Migraci\u00f3n.<\/p>\n\n\n\n<p>Oraci\u00f3n por los Migrantes <\/p>\n\n\n\n<p>Dios de la Misericordia <br>\nTe pedimos por todos aquellos que han dejado su tierra natal en busca de una mejor vida. Gu\u00e1rdalos en su peligroso viaje y gu\u00edalos a un lugar de seguridad y esperanza.<\/p>\n\n\n\n<p>Dios del Amor<br>\nDespiertanos de la pesadilla de la indiferencia, abre nuestros ojos a su sufrimiento e insp\u00edranos a compartir con ellos las bendiciones que hemos recibido de tu mano.<\/p>\n\n\n\n<p>Dios de Compasion <br> Da la bienvenida a todos los hombres, mujeres y ni\u00f1os que han muerto por abandonar su pais de origen. Aunque muchas de sus tumbas no tienen nombre, para ti cada una es conocida, amada y apreciada.<\/p>\n\n\n\n<p>Hacemos esta oraci\u00f3n a trav\u00e9s de Jesucristo nuestro Se\u00f1or Amen.<\/p>\n","protected":false},"excerpt":{"rendered":"<p>A Personal Note from UFCW Local 663 President Matt Utecht: I would like to personally share this prayer with our membership. It resonated with me when I was at church on Sunday, January 5, which was the Sunday of National Migration Week. *Espa\u00f1ol abajo Prayer for Migrants God of Mercy, We entrust to you all &hellip; <a href=\"https:\/\/www.ufcw663.org\/blog\/2020\/01\/16\/a-message-of-safety-and-hope\/\" class=\"more-link\">Continue reading <span class=\"screen-reader-text\">A Message of Safety and Hope<\/span><\/a><\/p>\n","protected":false},"author":1,"featured_media":1804,"comment_status":"closed","ping_status":"closed","sticky":false,"template":"","format":"standard","meta":[],"categories":[60],"tags":[],"yoast_head":"<!-- This site is optimized with the Yoast SEO plugin v19.13 - https:\/\/yoast.com\/wordpress\/plugins\/seo\/ -->\n<title>A Message of Safety and Hope - UFCW 663<\/title>\n<meta name=\"robots\" content=\"index, follow, max-snippet:-1, max-image-preview:large, max-video-preview:-1\" \/>\n<link rel=\"canonical\" href=\"https:\/\/www.ufcw663.org\/blog\/2020\/01\/16\/a-message-of-safety-and-hope\/\" \/>\n<meta property=\"og:locale\" content=\"en_US\" \/>\n<meta property=\"og:type\" content=\"article\" \/>\n<meta property=\"og:title\" content=\"A Message of Safety and Hope - UFCW 663\" \/>\n<meta property=\"og:description\" content=\"A Personal Note from UFCW Local 663 President Matt Utecht: I would like to personally share this prayer with our membership. It resonated with me when I was at church on Sunday, January 5, which was the Sunday of National Migration Week. *Espa\u00f1ol abajo Prayer for Migrants God of Mercy, We entrust to you all &hellip; Continue reading A Message of Safety and Hope\" \/>\n<meta property=\"og:url\" content=\"https:\/\/www.ufcw663.org\/blog\/2020\/01\/16\/a-message-of-safety-and-hope\/\" \/>\n<meta property=\"og:site_name\" content=\"UFCW 663\" \/>\n<meta property=\"article:published_time\" content=\"2020-01-16T17:45:12+00:00\" \/>\n<meta property=\"article:modified_time\" content=\"2020-01-16T17:46:08+00:00\" \/>\n<meta property=\"og:image\" content=\"https:\/\/www.ufcw663.org\/blog\/wp-content\/uploads\/2020\/01\/Hands-Praying-Blog-Crop.jpg\" \/>\n\t<meta property=\"og:image:width\" content=\"730\" \/>\n\t<meta property=\"og:image:height\" content=\"375\" \/>\n\t<meta property=\"og:image:type\" content=\"image\/jpeg\" \/>\n<meta name=\"author\" content=\"admin\" \/>\n<meta name=\"twitter:card\" content=\"summary_large_image\" \/>\n<meta name=\"twitter:label1\" content=\"Written by\" \/>\n\t<meta name=\"twitter:data1\" content=\"admin\" \/>\n\t<meta name=\"twitter:label2\" content=\"Est. reading time\" \/>\n\t<meta name=\"twitter:data2\" content=\"2 minutes\" \/>\n<script type=\"application\/ld+json\" class=\"yoast-schema-graph\">{\"@context\":\"https:\/\/schema.org\",\"@graph\":[{\"@type\":\"WebPage\",\"@id\":\"https:\/\/www.ufcw663.org\/blog\/2020\/01\/16\/a-message-of-safety-and-hope\/\",\"url\":\"https:\/\/www.ufcw663.org\/blog\/2020\/01\/16\/a-message-of-safety-and-hope\/\",\"name\":\"A Message of Safety and Hope - UFCW 663\",\"isPartOf\":{\"@id\":\"https:\/\/www.ufcw663.org\/blog\/#website\"},\"datePublished\":\"2020-01-16T17:45:12+00:00\",\"dateModified\":\"2020-01-16T17:46:08+00:00\",\"author\":{\"@id\":\"https:\/\/www.ufcw663.org\/blog\/#\/schema\/person\/7aa9e916809175f040ff9fa794b22936\"},\"breadcrumb\":{\"@id\":\"https:\/\/www.ufcw663.org\/blog\/2020\/01\/16\/a-message-of-safety-and-hope\/#breadcrumb\"},\"inLanguage\":\"en-US\",\"potentialAction\":[{\"@type\":\"ReadAction\",\"target\":[\"https:\/\/www.ufcw663.org\/blog\/2020\/01\/16\/a-message-of-safety-and-hope\/\"]}]},{\"@type\":\"BreadcrumbList\",\"@id\":\"https:\/\/www.ufcw663.org\/blog\/2020\/01\/16\/a-message-of-safety-and-hope\/#breadcrumb\",\"itemListElement\":[{\"@type\":\"ListItem\",\"position\":1,\"name\":\"Home\",\"item\":\"https:\/\/www.ufcw663.org\/blog\/\"},{\"@type\":\"ListItem\",\"position\":2,\"name\":\"A Message of Safety and Hope\"}]},{\"@type\":\"WebSite\",\"@id\":\"https:\/\/www.ufcw663.org\/blog\/#website\",\"url\":\"https:\/\/www.ufcw663.org\/blog\/\",\"name\":\"UFCW 663\",\"description\":\"A Voice For Working America\",\"potentialAction\":[{\"@type\":\"SearchAction\",\"target\":{\"@type\":\"EntryPoint\",\"urlTemplate\":\"https:\/\/www.ufcw663.org\/blog\/?s={search_term_string}\"},\"query-input\":\"required name=search_term_string\"}],\"inLanguage\":\"en-US\"},{\"@type\":\"Person\",\"@id\":\"https:\/\/www.ufcw663.org\/blog\/#\/schema\/person\/7aa9e916809175f040ff9fa794b22936\",\"name\":\"admin\",\"image\":{\"@type\":\"ImageObject\",\"inLanguage\":\"en-US\",\"@id\":\"https:\/\/www.ufcw663.org\/blog\/#\/schema\/person\/image\/\",\"url\":\"https:\/\/secure.gravatar.com\/avatar\/8f8b1c126d72216f9f979314403fea5d?s=96&d=mm&r=g\",\"contentUrl\":\"https:\/\/secure.gravatar.com\/avatar\/8f8b1c126d72216f9f979314403fea5d?s=96&d=mm&r=g\",\"caption\":\"admin\"},\"url\":\"https:\/\/www.ufcw663.org\/blog\/author\/admin\/\"}]}<\/script>\n<!-- \/ Yoast SEO plugin. -->","yoast_head_json":{"title":"A Message of Safety and Hope - UFCW 663","robots":{"index":"index","follow":"follow","max-snippet":"max-snippet:-1","max-image-preview":"max-image-preview:large","max-video-preview":"max-video-preview:-1"},"canonical":"https:\/\/www.ufcw663.org\/blog\/2020\/01\/16\/a-message-of-safety-and-hope\/","og_locale":"en_US","og_type":"article","og_title":"A Message of Safety and Hope - UFCW 663","og_description":"A Personal Note from UFCW Local 663 President Matt Utecht: I would like to personally share this prayer with our membership. It resonated with me when I was at church on Sunday, January 5, which was the Sunday of National Migration Week. *Espa\u00f1ol abajo Prayer for Migrants God of Mercy, We entrust to you all &hellip; Continue reading A Message of Safety and Hope","og_url":"https:\/\/www.ufcw663.org\/blog\/2020\/01\/16\/a-message-of-safety-and-hope\/","og_site_name":"UFCW 663","article_published_time":"2020-01-16T17:45:12+00:00","article_modified_time":"2020-01-16T17:46:08+00:00","og_image":[{"width":730,"height":375,"url":"https:\/\/www.ufcw663.org\/blog\/wp-content\/uploads\/2020\/01\/Hands-Praying-Blog-Crop.jpg","type":"image\/jpeg"}],"author":"admin","twitter_card":"summary_large_image","twitter_misc":{"Written by":"admin","Est. reading time":"2 minutes"},"schema":{"@context":"https:\/\/schema.org","@graph":[{"@type":"WebPage","@id":"https:\/\/www.ufcw663.org\/blog\/2020\/01\/16\/a-message-of-safety-and-hope\/","url":"https:\/\/www.ufcw663.org\/blog\/2020\/01\/16\/a-message-of-safety-and-hope\/","name":"A Message of Safety and Hope - UFCW 663","isPartOf":{"@id":"https:\/\/www.ufcw663.org\/blog\/#website"},"datePublished":"2020-01-16T17:45:12+00:00","dateModified":"2020-01-16T17:46:08+00:00","author":{"@id":"https:\/\/www.ufcw663.org\/blog\/#\/schema\/person\/7aa9e916809175f040ff9fa794b22936"},"breadcrumb":{"@id":"https:\/\/www.ufcw663.org\/blog\/2020\/01\/16\/a-message-of-safety-and-hope\/#breadcrumb"},"inLanguage":"en-US","potentialAction":[{"@type":"ReadAction","target":["https:\/\/www.ufcw663.org\/blog\/2020\/01\/16\/a-message-of-safety-and-hope\/"]}]},{"@type":"BreadcrumbList","@id":"https:\/\/www.ufcw663.org\/blog\/2020\/01\/16\/a-message-of-safety-and-hope\/#breadcrumb","itemListElement":[{"@type":"ListItem","position":1,"name":"Home","item":"https:\/\/www.ufcw663.org\/blog\/"},{"@type":"ListItem","position":2,"name":"A Message of Safety and Hope"}]},{"@type":"WebSite","@id":"https:\/\/www.ufcw663.org\/blog\/#website","url":"https:\/\/www.ufcw663.org\/blog\/","name":"UFCW 663","description":"A Voice For Working America","potentialAction":[{"@type":"SearchAction","target":{"@type":"EntryPoint","urlTemplate":"https:\/\/www.ufcw663.org\/blog\/?s={search_term_string}"},"query-input":"required name=search_term_string"}],"inLanguage":"en-US"},{"@type":"Person","@id":"https:\/\/www.ufcw663.org\/blog\/#\/schema\/person\/7aa9e916809175f040ff9fa794b22936","name":"admin","image":{"@type":"ImageObject","inLanguage":"en-US","@id":"https:\/\/www.ufcw663.org\/blog\/#\/schema\/person\/image\/","url":"https:\/\/secure.gravatar.com\/avatar\/8f8b1c126d72216f9f979314403fea5d?s=96&d=mm&r=g","contentUrl":"https:\/\/secure.gravatar.com\/avatar\/8f8b1c126d72216f9f979314403fea5d?s=96&d=mm&r=g","caption":"admin"},"url":"https:\/\/www.ufcw663.org\/blog\/author\/admin\/"}]}},"_links":{"self":[{"href":"https:\/\/www.ufcw663.org\/blog\/wp-json\/wp\/v2\/posts\/1803"}],"collection":[{"href":"https:\/\/www.ufcw663.org\/blog\/wp-json\/wp\/v2\/posts"}],"about":[{"href":"https:\/\/www.ufcw663.org\/blog\/wp-json\/wp\/v2\/types\/post"}],"author":[{"embeddable":true,"href":"https:\/\/www.ufcw663.org\/blog\/wp-json\/wp\/v2\/users\/1"}],"replies":[{"embeddable":true,"href":"https:\/\/www.ufcw663.org\/blog\/wp-json\/wp\/v2\/comments?post=1803"}],"version-history":[{"count":2,"href":"https:\/\/www.ufcw663.org\/blog\/wp-json\/wp\/v2\/posts\/1803\/revisions"}],"predecessor-version":[{"id":1806,"href":"https:\/\/www.ufcw663.org\/blog\/wp-json\/wp\/v2\/posts\/1803\/revisions\/1806"}],"wp:featuredmedia":[{"embeddable":true,"href":"https:\/\/www.ufcw663.org\/blog\/wp-json\/wp\/v2\/media\/1804"}],"wp:attachment":[{"href":"https:\/\/www.ufcw663.org\/blog\/wp-json\/wp\/v2\/media?parent=1803"}],"wp:term":[{"taxonomy":"category","embeddable":true,"href":"https:\/\/www.ufcw663.org\/blog\/wp-json\/wp\/v2\/categories?post=1803"},{"taxonomy":"post_tag","embeddable":true,"href":"https:\/\/www.ufcw663.org\/blog\/wp-json\/wp\/v2\/tags?post=1803"}],"curies":[{"name":"wp","href":"https:\/\/api.w.org\/{rel}","templated":true}]}}